{"id":467,"date":"2010-08-09T17:26:45","date_gmt":"2010-08-09T17:26:45","guid":{"rendered":"http:\/\/afrikaknutsen.no\/?p=467"},"modified":"2010-08-09T17:26:45","modified_gmt":"2010-08-09T17:26:45","slug":"bes%c3%b8k-fra-norge-del-2","status":"publish","type":"post","link":"http:\/\/afrikaknutsen.no\/?p=467","title":{"rendered":"Bes\u00f8k fra Norge, del 2"},"content":{"rendered":"<p>S\u00e5 var Jonil og gutta, Grete og Jan-Ernst vel tilbake i gamlelandet. Sitter her med alle bildene og\u00a0 en masse nye herlige minner. Takk for uforglemmelig bes\u00f8k! Her kommer fotografisk dokumentasjon p\u00e5 nettop dette:-) Gl\u00e6delig sommer!!<\/p>\n<div id=\"attachment_468\" style=\"width: 346px\" class=\"wp-caption alignleft\"><img loading=\"lazy\" decoding=\"async\" aria-describedby=\"caption-attachment-468\" class=\"size-full wp-image-468\" title=\"Grete 033\" src=\"http:\/\/afrikaknutsen.no\/wp-content\/uploads\/2010\/08\/Grete-033.jpg\" alt=\"N\u00e5r enden er god... Rear-view av nasehornet p\u00e5 Okapuka...\" width=\"336\" height=\"448\" srcset=\"http:\/\/afrikaknutsen.no\/wp-content\/uploads\/2010\/08\/Grete-033.jpg 336w, http:\/\/afrikaknutsen.no\/wp-content\/uploads\/2010\/08\/Grete-033-224x300.jpg 224w\" sizes=\"auto, (max-width: 336px) 100vw, 336px\" \/><p id=\"caption-attachment-468\" class=\"wp-caption-text\">N\u00e5r enden er god... Rear-view av nasehornet p\u00e5 Okapuka...<\/p><\/div>\n<p>\u00a0<\/p>\n<p>\u00a0<\/p>\n<p>\u00a0<\/p>\n<p>\u00a0<\/p>\n<p>\u00a0<\/p>\n<p>\u00a0<\/p>\n<p>\u00a0<\/p>\n<p>\u00a0<\/p>\n<p>\u00a0<\/p>\n<p>\u00a0<\/p>\n<p>\u00a0<\/p>\n<p>\u00a0<\/p>\n<p>\u00a0<\/p>\n<p>\u00a0<\/p>\n<div id=\"attachment_469\" style=\"width: 346px\" class=\"wp-caption alignleft\"><img loading=\"lazy\" decoding=\"async\" aria-describedby=\"caption-attachment-469\" class=\"size-full wp-image-469\" title=\"Namibia 07.2010 002\" src=\"http:\/\/afrikaknutsen.no\/wp-content\/uploads\/2010\/08\/Namibia-07.2010-002.jpg\" alt=\"Som f\u00f8r nevnt, her m\u00e5 alle tr\u00e5 til og h\u00f8ste og sylte og safte av markens gr\u00f8de:-)\" width=\"336\" height=\"448\" srcset=\"http:\/\/afrikaknutsen.no\/wp-content\/uploads\/2010\/08\/Namibia-07.2010-002.jpg 336w, http:\/\/afrikaknutsen.no\/wp-content\/uploads\/2010\/08\/Namibia-07.2010-002-224x300.jpg 224w\" sizes=\"auto, (max-width: 336px) 100vw, 336px\" \/><p id=\"caption-attachment-469\" class=\"wp-caption-text\">Som f\u00f8r nevnt, her m\u00e5 alle tr\u00e5 til og h\u00f8ste og sylte og safte av markens gr\u00f8de:-)<\/p><\/div>\n<p>\u00a0<\/p>\n<p>\u00a0<\/p>\n<p>\u00a0<\/p>\n<p>\u00a0<\/p>\n<p>\u00a0<\/p>\n<p>\u00a0<\/p>\n<p>\u00a0<\/p>\n<p>\u00a0<\/p>\n<p>\u00a0<\/p>\n<p>\u00a0<\/p>\n<p>\u00a0<\/p>\n<p>\u00a0<\/p>\n<p>\u00a0<\/p>\n<p>\u00a0<\/p>\n<div id=\"attachment_470\" style=\"width: 458px\" class=\"wp-caption alignleft\"><img loading=\"lazy\" decoding=\"async\" aria-describedby=\"caption-attachment-470\" class=\"size-full wp-image-470\" title=\"Namibia 07.2010 009\" src=\"http:\/\/afrikaknutsen.no\/wp-content\/uploads\/2010\/08\/Namibia-07.2010-009.jpg\" alt=\"Sindre har n\u00e5 skj\u00f8nt at vi f\u00e5r kj\u00f8tt fra dyra, og at kj\u00f8ttdeigen ikke kommer sammen med spaghettien fra Mega...\" width=\"448\" height=\"336\" srcset=\"http:\/\/afrikaknutsen.no\/wp-content\/uploads\/2010\/08\/Namibia-07.2010-009.jpg 448w, http:\/\/afrikaknutsen.no\/wp-content\/uploads\/2010\/08\/Namibia-07.2010-009-300x224.jpg 300w\" sizes=\"auto, (max-width: 448px) 100vw, 448px\" \/><p id=\"caption-attachment-470\" class=\"wp-caption-text\">Sindre har n\u00e5 skj\u00f8nt at vi f\u00e5r kj\u00f8tt fra dyra, og at kj\u00f8ttdeigen ikke kommer sammen med spaghettien fra Mega...<\/p><\/div>\n<p>\u00a0<\/p>\n<p>\u00a0<\/p>\n<p>\u00a0<\/p>\n<p>\u00a0<\/p>\n<p>\u00a0<\/p>\n<p>\u00a0<\/p>\n<p>\u00a0<\/p>\n<p>\u00a0<\/p>\n<p>\u00a0<\/p>\n<p>\u00a0<\/p>\n<p>\u00a0<\/p>\n<div id=\"attachment_471\" style=\"width: 458px\" class=\"wp-caption alignleft\"><img loading=\"lazy\" decoding=\"async\" aria-describedby=\"caption-attachment-471\" class=\"size-full wp-image-471\" title=\"Namibia 07.2010 031\" src=\"http:\/\/afrikaknutsen.no\/wp-content\/uploads\/2010\/08\/Namibia-07.2010-031.jpg\" alt=\"S\u00e5\u00e5\u00e5\u00e5 kaldt var det ja... Sommeren har ikke kommet helt til Namibia enda, men som Jan pleier \u00e5 si:&quot;Det er godt \u00e5 v\u00e6re kald..&quot;\" width=\"448\" height=\"336\" srcset=\"http:\/\/afrikaknutsen.no\/wp-content\/uploads\/2010\/08\/Namibia-07.2010-031.jpg 448w, http:\/\/afrikaknutsen.no\/wp-content\/uploads\/2010\/08\/Namibia-07.2010-031-300x224.jpg 300w\" sizes=\"auto, (max-width: 448px) 100vw, 448px\" \/><p id=\"caption-attachment-471\" class=\"wp-caption-text\">S\u00e5\u00e5\u00e5\u00e5 kaldt var det ja... Sommeren har ikke kommet helt til Namibia enda, men som Jan pleier \u00e5 si:&quot;Det er godt \u00e5 v\u00e6re kald..&quot;<\/p><\/div>\n<p>\u00a0<\/p>\n<p>\u00a0<\/p>\n<p>\u00a0<\/p>\n<p>\u00a0<\/p>\n<p>\u00a0<\/p>\n<p>\u00a0<\/p>\n<p>\u00a0<\/p>\n<p>\u00a0<\/p>\n<p>\u00a0<\/p>\n<p>\u00a0<\/p>\n<p>\u00a0<\/p>\n<div id=\"attachment_472\" style=\"width: 458px\" class=\"wp-caption alignleft\"><img loading=\"lazy\" decoding=\"async\" aria-describedby=\"caption-attachment-472\" class=\"size-full wp-image-472\" title=\"Namibia 07.2010 034\" src=\"http:\/\/afrikaknutsen.no\/wp-content\/uploads\/2010\/08\/Namibia-07.2010-034.jpg\" alt=\"Vi fikk ogs\u00e5 med oss en hyggelig grill kveld p\u00e5 bush-campen til naboen. Her blir alltid b\u00e5let stort og natta lang....\" width=\"448\" height=\"336\" srcset=\"http:\/\/afrikaknutsen.no\/wp-content\/uploads\/2010\/08\/Namibia-07.2010-034.jpg 448w, http:\/\/afrikaknutsen.no\/wp-content\/uploads\/2010\/08\/Namibia-07.2010-034-300x224.jpg 300w\" sizes=\"auto, (max-width: 448px) 100vw, 448px\" \/><p id=\"caption-attachment-472\" class=\"wp-caption-text\">Vi fikk ogs\u00e5 med oss en hyggelig grill kveld p\u00e5 bush-campen til naboen. Her blir alltid b\u00e5let stort og natta lang....<\/p><\/div>\n<p>\u00a0<\/p>\n<p>\u00a0<\/p>\n<p>\u00a0<\/p>\n<p>\u00a0<\/p>\n<p>\u00a0<\/p>\n<p>\u00a0<\/p>\n<p>\u00a0<\/p>\n<p>\u00a0<\/p>\n<p>\u00a0<\/p>\n<p>\u00a0<\/p>\n<p>\u00a0<\/p>\n<div id=\"attachment_473\" style=\"width: 458px\" class=\"wp-caption alignleft\"><img loading=\"lazy\" decoding=\"async\" aria-describedby=\"caption-attachment-473\" class=\"size-full wp-image-473\" title=\"Namibia 07.2010 047\" src=\"http:\/\/afrikaknutsen.no\/wp-content\/uploads\/2010\/08\/Namibia-07.2010-047.jpg\" alt=\"mil stiller inn siktet, og jaggu traff han ikke blinken ogs\u00e5!\" width=\"448\" height=\"336\" srcset=\"http:\/\/afrikaknutsen.no\/wp-content\/uploads\/2010\/08\/Namibia-07.2010-047.jpg 448w, http:\/\/afrikaknutsen.no\/wp-content\/uploads\/2010\/08\/Namibia-07.2010-047-300x224.jpg 300w\" sizes=\"auto, (max-width: 448px) 100vw, 448px\" \/><p id=\"caption-attachment-473\" class=\"wp-caption-text\">Emil stiller inn siktet, og jaggu traff han ikke blinken ogs\u00e5!<\/p><\/div>\n<p>\u00a0<\/p>\n<p>\u00a0<\/p>\n<p>\u00a0<\/p>\n<p>\u00a0<\/p>\n<p>\u00a0<\/p>\n<p>\u00a0<\/p>\n<p>\u00a0<\/p>\n<p>\u00a0<\/p>\n<p>\u00a0<\/p>\n<p>\u00a0<\/p>\n<p>\u00a0<\/p>\n<div id=\"attachment_474\" style=\"width: 458px\" class=\"wp-caption alignleft\"><img loading=\"lazy\" decoding=\"async\" aria-describedby=\"caption-attachment-474\" class=\"size-full wp-image-474\" title=\"Namibia 07.2010 050\" src=\"http:\/\/afrikaknutsen.no\/wp-content\/uploads\/2010\/08\/Namibia-07.2010-050.jpg\" alt=\"Indianer-Jonas...?\" width=\"448\" height=\"336\" srcset=\"http:\/\/afrikaknutsen.no\/wp-content\/uploads\/2010\/08\/Namibia-07.2010-050.jpg 448w, http:\/\/afrikaknutsen.no\/wp-content\/uploads\/2010\/08\/Namibia-07.2010-050-300x224.jpg 300w\" sizes=\"auto, (max-width: 448px) 100vw, 448px\" \/><p id=\"caption-attachment-474\" class=\"wp-caption-text\">Indianer-Jonas...?<\/p><\/div>\n<p>\u00a0<\/p>\n<p>\u00a0<\/p>\n<p>\u00a0<\/p>\n<p>\u00a0<\/p>\n<p>\u00a0<\/p>\n<p>\u00a0<\/p>\n<p>\u00a0<\/p>\n<p>\u00a0<\/p>\n<p>\u00a0<\/p>\n<p>\u00a0<\/p>\n<p>\u00a0<\/p>\n<div id=\"attachment_475\" style=\"width: 458px\" class=\"wp-caption alignleft\"><img loading=\"lazy\" decoding=\"async\" aria-describedby=\"caption-attachment-475\" class=\"size-full wp-image-475\" title=\"Namibia 07.2010 054\" src=\"http:\/\/afrikaknutsen.no\/wp-content\/uploads\/2010\/08\/Namibia-07.2010-054.jpg\" alt=\"Og broren hans....\" width=\"448\" height=\"336\" srcset=\"http:\/\/afrikaknutsen.no\/wp-content\/uploads\/2010\/08\/Namibia-07.2010-054.jpg 448w, http:\/\/afrikaknutsen.no\/wp-content\/uploads\/2010\/08\/Namibia-07.2010-054-300x224.jpg 300w\" sizes=\"auto, (max-width: 448px) 100vw, 448px\" \/><p id=\"caption-attachment-475\" class=\"wp-caption-text\">Og broren hans....<\/p><\/div>\n<p>\u00a0<\/p>\n<p>\u00a0<\/p>\n<p>\u00a0<\/p>\n<p>\u00a0<\/p>\n<p>\u00a0<\/p>\n<p>\u00a0<\/p>\n<p>\u00a0<\/p>\n<p>\u00a0<\/p>\n<p>\u00a0<\/p>\n<p>\u00a0<\/p>\n<p>\u00a0<\/p>\n<div id=\"attachment_476\" style=\"width: 458px\" class=\"wp-caption alignleft\"><img loading=\"lazy\" decoding=\"async\" aria-describedby=\"caption-attachment-476\" class=\"size-full wp-image-476\" title=\"Namibia 07.2010 058\" src=\"http:\/\/afrikaknutsen.no\/wp-content\/uploads\/2010\/08\/Namibia-07.2010-058.jpg\" alt=\"Og lille-fetter`n dems!!\" width=\"448\" height=\"336\" srcset=\"http:\/\/afrikaknutsen.no\/wp-content\/uploads\/2010\/08\/Namibia-07.2010-058.jpg 448w, http:\/\/afrikaknutsen.no\/wp-content\/uploads\/2010\/08\/Namibia-07.2010-058-300x224.jpg 300w\" sizes=\"auto, (max-width: 448px) 100vw, 448px\" \/><p id=\"caption-attachment-476\" class=\"wp-caption-text\">Og lille-fetter`n dems!!<\/p><\/div>\n<p>\u00a0<\/p>\n<p>\u00a0<\/p>\n<p>\u00a0<\/p>\n<p>\u00a0<\/p>\n<p>\u00a0<\/p>\n<p>\u00a0<\/p>\n<p>\u00a0<\/p>\n<p>\u00a0<\/p>\n<p>\u00a0<\/p>\n<p>\u00a0<\/p>\n<p>\u00a0<\/p>\n<div id=\"attachment_478\" style=\"width: 458px\" class=\"wp-caption alignleft\"><img loading=\"lazy\" decoding=\"async\" aria-describedby=\"caption-attachment-478\" class=\"size-full wp-image-478\" title=\"Namibia 07.2010 073\" src=\"http:\/\/afrikaknutsen.no\/wp-content\/uploads\/2010\/08\/Namibia-07.2010-0731.jpg\" alt=\"En gjeng glade naboer!!\" width=\"448\" height=\"336\" srcset=\"http:\/\/afrikaknutsen.no\/wp-content\/uploads\/2010\/08\/Namibia-07.2010-0731.jpg 448w, http:\/\/afrikaknutsen.no\/wp-content\/uploads\/2010\/08\/Namibia-07.2010-0731-300x224.jpg 300w\" sizes=\"auto, (max-width: 448px) 100vw, 448px\" \/><p id=\"caption-attachment-478\" class=\"wp-caption-text\">En gjeng glade naboer!!<\/p><\/div>\n<p>\u00a0<\/p>\n<p>\u00a0<\/p>\n<p>\u00a0<\/p>\n<p>\u00a0<\/p>\n<p>\u00a0<\/p>\n<p>\u00a0<\/p>\n<p>\u00a0<\/p>\n<p>\u00a0<\/p>\n<p>\u00a0<\/p>\n<p>\u00a0<\/p>\n<p>\u00a0<\/p>\n<div id=\"attachment_479\" style=\"width: 458px\" class=\"wp-caption alignleft\"><img loading=\"lazy\" decoding=\"async\" aria-describedby=\"caption-attachment-479\" class=\"size-full wp-image-479\" title=\"Namibia 07.2010 075\" src=\"http:\/\/afrikaknutsen.no\/wp-content\/uploads\/2010\/08\/Namibia-07.2010-075.jpg\" alt=\"Annie get your gun blir jo bare en blek kopi.....\" width=\"448\" height=\"336\" srcset=\"http:\/\/afrikaknutsen.no\/wp-content\/uploads\/2010\/08\/Namibia-07.2010-075.jpg 448w, http:\/\/afrikaknutsen.no\/wp-content\/uploads\/2010\/08\/Namibia-07.2010-075-300x224.jpg 300w\" sizes=\"auto, (max-width: 448px) 100vw, 448px\" \/><p id=\"caption-attachment-479\" class=\"wp-caption-text\">Annie get your gun blir jo bare en blek kopi.....<\/p><\/div>\n<p>\u00a0<\/p>\n<p>\u00a0<\/p>\n<p>\u00a0<\/p>\n<p>\u00a0<\/p>\n<p>\u00a0<\/p>\n<p>\u00a0<\/p>\n<p>\u00a0<\/p>\n<p>\u00a0<\/p>\n<p>\u00a0<\/p>\n<p>\u00a0<\/p>\n<p>\u00a0<\/p>\n<div id=\"attachment_480\" style=\"width: 458px\" class=\"wp-caption alignleft\"><img loading=\"lazy\" decoding=\"async\" aria-describedby=\"caption-attachment-480\" class=\"size-full wp-image-480\" title=\"Namibia 07.2010 100\" src=\"http:\/\/afrikaknutsen.no\/wp-content\/uploads\/2010\/08\/Namibia-07.2010-100.jpg\" alt=\"N\u00e5 m\u00e5 nok elgen passe seg p\u00e5 Norefjell!!\" width=\"448\" height=\"336\" srcset=\"http:\/\/afrikaknutsen.no\/wp-content\/uploads\/2010\/08\/Namibia-07.2010-100.jpg 448w, http:\/\/afrikaknutsen.no\/wp-content\/uploads\/2010\/08\/Namibia-07.2010-100-300x224.jpg 300w\" sizes=\"auto, (max-width: 448px) 100vw, 448px\" \/><p id=\"caption-attachment-480\" class=\"wp-caption-text\">N\u00e5 m\u00e5 nok elgen passe seg p\u00e5 Norefjell!!<\/p><\/div>\n<p>\u00a0<\/p>\n<p>\u00a0<\/p>\n<p>\u00a0<\/p>\n<p>\u00a0<\/p>\n<p>\u00a0<\/p>\n<p>\u00a0<\/p>\n<p>\u00a0<\/p>\n<p>\u00a0<\/p>\n<p>\u00a0<\/p>\n<p>\u00a0<\/p>\n<p>\u00a0<\/p>\n<div id=\"attachment_482\" style=\"width: 458px\" class=\"wp-caption alignleft\"><img loading=\"lazy\" decoding=\"async\" aria-describedby=\"caption-attachment-482\" class=\"size-full wp-image-482\" title=\"Namibia 07.2010 258\" src=\"http:\/\/afrikaknutsen.no\/wp-content\/uploads\/2010\/08\/Namibia-07.2010-2581.jpg\" alt=\"S\u00e5 var siste kvelden kommet og det ble grillings i rolige omgivelser hjemmei leiligheten i Windhoek.\" width=\"448\" height=\"336\" srcset=\"http:\/\/afrikaknutsen.no\/wp-content\/uploads\/2010\/08\/Namibia-07.2010-2581.jpg 448w, http:\/\/afrikaknutsen.no\/wp-content\/uploads\/2010\/08\/Namibia-07.2010-2581-300x224.jpg 300w\" sizes=\"auto, (max-width: 448px) 100vw, 448px\" \/><p id=\"caption-attachment-482\" class=\"wp-caption-text\">S\u00e5 var siste kvelden kommet og det ble grillings i rolige omgivelser hjemmei leiligheten i Windhoek.<\/p><\/div>\n<p>\u00a0<\/p>\n<p>\u00a0<\/p>\n<p>\u00a0<\/p>\n<p>\u00a0<\/p>\n<p>\u00a0<\/p>\n<p>\u00a0<\/p>\n<p>\u00a0<\/p>\n<p>\u00a0<\/p>\n<p>\u00a0<\/p>\n<p>\u00a0<\/p>\n<p>\u00a0<\/p>\n<div id=\"attachment_483\" style=\"width: 458px\" class=\"wp-caption alignleft\"><img loading=\"lazy\" decoding=\"async\" aria-describedby=\"caption-attachment-483\" class=\"size-full wp-image-483\" title=\"Namibia 07.2010 259\" src=\"http:\/\/afrikaknutsen.no\/wp-content\/uploads\/2010\/08\/Namibia-07.2010-259.jpg\" alt=\"Rolig og rolig...? Har vert s\u00e5 lenge i Afrika at jeg begynner \u00e5 f\u00e5 horn... Eller kan det v\u00e6re andre grunner??\" width=\"448\" height=\"336\" srcset=\"http:\/\/afrikaknutsen.no\/wp-content\/uploads\/2010\/08\/Namibia-07.2010-259.jpg 448w, http:\/\/afrikaknutsen.no\/wp-content\/uploads\/2010\/08\/Namibia-07.2010-259-300x224.jpg 300w\" sizes=\"auto, (max-width: 448px) 100vw, 448px\" \/><p id=\"caption-attachment-483\" class=\"wp-caption-text\">Rolig og rolig...? Har vert s\u00e5 lenge i Afrika at jeg begynner \u00e5 f\u00e5 horn... Eller kan det v\u00e6re andre grunner??<\/p><\/div>\n<p>\u00a0<\/p>\n<p>\u00a0<\/p>\n<p>\u00a0<\/p>\n<p>\u00a0<\/p>\n<p>\u00a0<\/p>\n<p>\u00a0<\/p>\n<p>\u00a0<\/p>\n<p>\u00a0<\/p>\n<p>\u00a0<\/p>\n<p>\u00a0<\/p>\n<p>\u00a0<\/p>\n<div class=\"mceTemp\">\n<div id=\"attachment_484\" style=\"width: 458px\" class=\"wp-caption alignleft\"><img loading=\"lazy\" decoding=\"async\" aria-describedby=\"caption-attachment-484\" class=\"size-full wp-image-484\" title=\"Namibia 07.2010 285\" src=\"http:\/\/afrikaknutsen.no\/wp-content\/uploads\/2010\/08\/Namibia-07.2010-285.jpg\" alt=\"Farm Oehlland n\u00e5 ogs\u00e5 med egen cross-bane. Ku-beiter kan brukes til s\u00e5 mangt, eller hva Holger?\" width=\"448\" height=\"336\" srcset=\"http:\/\/afrikaknutsen.no\/wp-content\/uploads\/2010\/08\/Namibia-07.2010-285.jpg 448w, http:\/\/afrikaknutsen.no\/wp-content\/uploads\/2010\/08\/Namibia-07.2010-285-300x224.jpg 300w\" sizes=\"auto, (max-width: 448px) 100vw, 448px\" \/><p id=\"caption-attachment-484\" class=\"wp-caption-text\">Farm Oehlland n\u00e5 ogs\u00e5 med egen cross-bane. Ku-beiter kan brukes til s\u00e5 mangt, eller hva Holger?<\/p><\/div>\n<\/div>\n<p>\u00a0<\/p>\n<p>\u00a0<\/p>\n<p>\u00a0<\/p>\n<p>\u00a0<\/p>\n<p>\u00a0<\/p>\n<p>\u00a0<\/p>\n<p>\u00a0<\/p>\n<p>\u00a0<\/p>\n<p>\u00a0<\/p>\n<p>\u00a0<\/p>\n<p>\u00a0<\/p>\n<p>Savner bes\u00f8ket v\u00e5rt\u00a0s\u00e5rt, men tenk&#8230; Vi har\u00a0allerede en ny gjeng med bes\u00f8k fra Norge som i skrivende stund\u00a0er ute og kj\u00f8rer p\u00e5 egenh\u00e5nd. Anders sin s\u00f8ster Gro, Olav, Ingrid, Anders og Ole er ogs\u00e5 i landet og vi skal blogge litt om dem seinere\u00a0 selvf\u00f8lgelig. Fortsatt god sommer i Norge!<\/p>\n<p>Iren, 9\/8 2010<\/p>\n","protected":false},"excerpt":{"rendered":"<p>S\u00e5 var Jonil og gutta, Grete og Jan-Ernst vel tilbake i gamlelandet. Sitter her med alle bildene og\u00a0 en masse nye herlige minner. Takk for uforglemmelig bes\u00f8k! Her kommer fotografisk dokumentasjon p\u00e5 nettop dette:-) Gl\u00e6delig sommer!! \u00a0 \u00a0 \u00a0 \u00a0 \u00a0 \u00a0 \u00a0 \u00a0 \u00a0 \u00a0 \u00a0 \u00a0 \u00a0 \u00a0 \u00a0 \u00a0 \u00a0 \u00a0 \u00a0 [&hellip;]<\/p>\n","protected":false},"author":2,"featured_media":0,"comment_status":"open","ping_status":"open","sticky":false,"template":"","format":"standard","meta":{"footnotes":""},"categories":[1],"tags":[],"class_list":["post-467","post","type-post","status-publish","format-standard","hentry","category-usortert"],"_links":{"self":[{"href":"http:\/\/afrikaknutsen.no\/index.php?rest_route=\/wp\/v2\/posts\/467","targetHints":{"allow":["GET"]}}],"collection":[{"href":"http:\/\/afrikaknutsen.no\/index.php?rest_route=\/wp\/v2\/posts"}],"about":[{"href":"http:\/\/afrikaknutsen.no\/index.php?rest_route=\/wp\/v2\/types\/post"}],"author":[{"embeddable":true,"href":"http:\/\/afrikaknutsen.no\/index.php?rest_route=\/wp\/v2\/users\/2"}],"replies":[{"embeddable":true,"href":"http:\/\/afrikaknutsen.no\/index.php?rest_route=%2Fwp%2Fv2%2Fcomments&post=467"}],"version-history":[{"count":2,"href":"http:\/\/afrikaknutsen.no\/index.php?rest_route=\/wp\/v2\/posts\/467\/revisions"}],"predecessor-version":[{"id":486,"href":"http:\/\/afrikaknutsen.no\/index.php?rest_route=\/wp\/v2\/posts\/467\/revisions\/486"}],"wp:attachment":[{"href":"http:\/\/afrikaknutsen.no\/index.php?rest_route=%2Fwp%2Fv2%2Fmedia&parent=467"}],"wp:term":[{"taxonomy":"category","embeddable":true,"href":"http:\/\/afrikaknutsen.no\/index.php?rest_route=%2Fwp%2Fv2%2Fcategories&post=467"},{"taxonomy":"post_tag","embeddable":true,"href":"http:\/\/afrikaknutsen.no\/index.php?rest_route=%2Fwp%2Fv2%2Ftags&post=467"}],"curies":[{"name":"wp","href":"https:\/\/api.w.org\/{rel}","templated":true}]}}